{"id":131,"date":"2007-12-19T13:13:54","date_gmt":"2007-12-19T12:13:54","guid":{"rendered":"http:\/\/www.moovie.fr\/index.php\/2007\/12\/19\/le-snat-refuse-la-taxe-sur-les-sites-de-vido\/"},"modified":"2007-12-19T13:13:54","modified_gmt":"2007-12-19T12:13:54","slug":"le-snat-refuse-la-taxe-sur-les-sites-de-vido","status":"publish","type":"post","link":"https:\/\/www.moovie.fr\/index.php\/2007\/12\/19\/le-snat-refuse-la-taxe-sur-les-sites-de-vido\/","title":{"rendered":"Le S&eacute;nat refuse la taxe sur les sites de vid&eacute;o"},"content":{"rendered":"<p>J&rsquo;en parlais dans un <a href=\"http:\/\/www.moovie.fr\/index.php\/2007\/12\/12\/la-nouvelle-taxe-sur-les-videos-internet-un-coup-terrible-porte-a-la-dynamique-dinnovation-en-france\/\">r\u00e9cent post<\/a>, les s\u00e9nateurs ont supprim\u00e9 hier soir un article introduit par les d\u00e9put\u00e9s dans le Collectif budg\u00e9taire 2007, qui pr\u00e9voyait l&rsquo;instauration d&rsquo;une taxe sur les recettes publicitaires des sites diffusant de la vid\u00e9o. <\/p>\n<p>Le ministre du Budget Eric Woerth a reconnu que la r\u00e9daction de cet article avait manqu\u00e9 de concertation pr\u00e9alable et a soutenu l&rsquo;amendement de suppression d\u00e9fendu par le rapporteur g\u00e9n\u00e9ral Philippe Marini (UMP).<\/p>\n<table cellspacing=\"0\" cellpadding=\"2\" width=\"440\" border=\"0\">\n<tbody>\n<tr>\n<td valign=\"top\" width=\"440\"><img loading=\"lazy\" decoding=\"async\" height=\"291\" src=\"http:\/\/i97.photobucket.com\/albums\/l239\/Loadings\/senat.gif\" width=\"433\"> <\/td>\n<\/tr>\n<\/tbody>\n<\/table>\n<p>La nouvelle avait quelque peu troubl\u00e9 le monde de l&rsquo;Internet et plus particuli\u00e8rement les blogueurs puisque ces derniers auraient \u00e9t\u00e9 concern\u00e9s par cette loi. La d\u00e9put\u00e9 Marie-H\u00e9l\u00e8ne Des Esgaulx avait ainsi <a href=\"http:\/\/www.moovie.fr\/index.php\/2007\/12\/13\/la-taxe-sur-les-videos-internet-ne-concernerait-que-les-services-de-vod\/\">rectifi\u00e9 tr\u00e8s rapidement<\/a> qu\u2019elle ne voulait pas taxer tous les sites Internet fran\u00e7ais proposant de la vid\u00e9o, mais bien les seuls services de VoD qui, faisant \u00e9voluer leur mod\u00e8le \u00e9conomique, se financent petit \u00e0 petit en partie gr\u00e2ce \u00e0 la publicit\u00e9. \u201c<em>Par principe d\u2019\u00e9quit\u00e9 fiscale, je consid\u00e8re que les op\u00e9rateurs VoD doivent financer le fonds de soutien audiovisuel g\u00e9r\u00e9 par le CNC, \u00e0 la fois sur la base des recettes locatives mais aussi sur leurs recettes publicitaires<\/em>\u201c, pr\u00e9cisait-t-elle. <\/p>\n<p>Via <a href=\"http:\/\/tf1.lci.fr\/\">Lci.fr<\/a><\/p>\n","protected":false},"excerpt":{"rendered":"<p>J&rsquo;en parlais dans un r\u00e9cent post, les s\u00e9nateurs ont supprim\u00e9 hier soir un article introduit par les d\u00e9put\u00e9s dans le Collectif budg\u00e9taire 2007, qui pr\u00e9voyait l&rsquo;instauration d&rsquo;une taxe sur les recettes publicitaires des sites diffusant de la vid\u00e9o. Le ministre du Budget Eric Woerth a reconnu que la r\u00e9daction de cet article avait manqu\u00e9 de<span class=\"continue-reading\"> <a href=\"https:\/\/www.moovie.fr\/index.php\/2007\/12\/19\/le-snat-refuse-la-taxe-sur-les-sites-de-vido\/\">&#46;&#46;&#46;<\/a><\/span><\/p>\n","protected":false},"author":2,"featured_media":0,"comment_status":"open","ping_status":"open","sticky":false,"template":"","format":"standard","meta":{"_crdt_document":"","_jetpack_memberships_contains_paid_content":false,"footnotes":""},"categories":[19],"tags":[159,99,236],"class_list":["post-131","post","type-post","status-publish","format-standard","hentry","category-video","tag-amendement","tag-loi","tag-taxe"],"aioseo_notices":[],"jetpack_featured_media_url":"","jetpack_sharing_enabled":true,"_links":{"self":[{"href":"https:\/\/www.moovie.fr\/index.php\/wp-json\/wp\/v2\/posts\/131","targetHints":{"allow":["GET"]}}],"collection":[{"href":"https:\/\/www.moovie.fr\/index.php\/wp-json\/wp\/v2\/posts"}],"about":[{"href":"https:\/\/www.moovie.fr\/index.php\/wp-json\/wp\/v2\/types\/post"}],"author":[{"embeddable":true,"href":"https:\/\/www.moovie.fr\/index.php\/wp-json\/wp\/v2\/users\/2"}],"replies":[{"embeddable":true,"href":"https:\/\/www.moovie.fr\/index.php\/wp-json\/wp\/v2\/comments?post=131"}],"version-history":[{"count":0,"href":"https:\/\/www.moovie.fr\/index.php\/wp-json\/wp\/v2\/posts\/131\/revisions"}],"wp:attachment":[{"href":"https:\/\/www.moovie.fr\/index.php\/wp-json\/wp\/v2\/media?parent=131"}],"wp:term":[{"taxonomy":"category","embeddable":true,"href":"https:\/\/www.moovie.fr\/index.php\/wp-json\/wp\/v2\/categories?post=131"},{"taxonomy":"post_tag","embeddable":true,"href":"https:\/\/www.moovie.fr\/index.php\/wp-json\/wp\/v2\/tags?post=131"}],"curies":[{"name":"wp","href":"https:\/\/api.w.org\/{rel}","templated":true}]}}