{"id":139,"date":"2007-12-21T18:23:45","date_gmt":"2007-12-21T17:23:45","guid":{"rendered":"http:\/\/www.moovie.fr\/index.php\/2007\/12\/21\/retrouvez-leweb3-en-vido\/"},"modified":"2007-12-21T18:23:45","modified_gmt":"2007-12-21T17:23:45","slug":"retrouvez-leweb3-en-vido","status":"publish","type":"post","link":"https:\/\/www.moovie.fr\/index.php\/2007\/12\/21\/retrouvez-leweb3-en-vido\/","title":{"rendered":"Retrouvez LeWeb3 en vid&eacute;o"},"content":{"rendered":"<table cellspacing=\"0\" cellpadding=\"2\" width=\"440\" border=\"0\">\n<tbody>\n<tr>\n<td valign=\"top\" width=\"212\"><a href=\"http:\/\/www.leweb3.com\/\"><img loading=\"lazy\" decoding=\"async\" height=\"46\" src=\"http:\/\/i97.photobucket.com\/albums\/l239\/Loadings\/leweb3.gif\" width=\"204\"><\/a> <\/td>\n<td valign=\"top\" width=\"223\">Le site <a href=\"http:\/\/vpod.tv\/\">Vpod.tv<\/a> met \u00e0 disposition des internautes l&rsquo;ensemble des conf\u00e9rences qui ont eu lieu lors&nbsp; <\/td>\n<\/tr>\n<\/tbody>\n<\/table>\n<p>de la premi\u00e8re journ\u00e9e du \u00ab\u00a0LeWeb3\u00a0\u00bb. Plusieurs rubriques sont consultables (<em>conf\u00e9rences du premier jour, backstage, archives&#8230;<\/em>) gr\u00e2ce au menu qui appara\u00eet en bas de l&rsquo;\u00e9cran.<\/p>\n<p>Rendez-vous donc sur <a title=\"http:\/\/my.vpod.tv\/leweb3\" href=\"http:\/\/www.http:\/\/my.vpod.tv\/leweb3\">my.vpod.tv\/leweb3<\/a>.<\/p>\n<table cellspacing=\"0\" cellpadding=\"2\" width=\"440\" border=\"0\">\n<tbody>\n<tr>\n<td valign=\"top\" width=\"440\"><img loading=\"lazy\" decoding=\"async\" height=\"273\" src=\"http:\/\/i97.photobucket.com\/albums\/l239\/Loadings\/leweb3vpod.gif\" width=\"432\"> <\/td>\n<\/tr>\n<\/tbody>\n<\/table>\n","protected":false},"excerpt":{"rendered":"<p>Le site Vpod.tv met \u00e0 disposition des internautes l&rsquo;ensemble des conf\u00e9rences qui ont eu lieu lors&nbsp; de la premi\u00e8re journ\u00e9e du \u00ab\u00a0LeWeb3\u00a0\u00bb. Plusieurs rubriques sont consultables (conf\u00e9rences du premier jour, backstage, archives&#8230;) gr\u00e2ce au menu qui appara\u00eet en bas de l&rsquo;\u00e9cran. Rendez-vous donc sur my.vpod.tv\/leweb3.<\/p>\n","protected":false},"author":2,"featured_media":0,"comment_status":"open","ping_status":"open","sticky":false,"template":"","format":"standard","meta":{"_crdt_document":"","_jetpack_memberships_contains_paid_content":false,"footnotes":""},"categories":[19],"tags":[197,135,255,254],"class_list":["post-139","post","type-post","status-publish","format-standard","hentry","category-video","tag-diffusion-video","tag-leweb3","tag-vpod","tag-web3"],"aioseo_notices":[],"jetpack_featured_media_url":"","jetpack_sharing_enabled":true,"_links":{"self":[{"href":"https:\/\/www.moovie.fr\/index.php\/wp-json\/wp\/v2\/posts\/139","targetHints":{"allow":["GET"]}}],"collection":[{"href":"https:\/\/www.moovie.fr\/index.php\/wp-json\/wp\/v2\/posts"}],"about":[{"href":"https:\/\/www.moovie.fr\/index.php\/wp-json\/wp\/v2\/types\/post"}],"author":[{"embeddable":true,"href":"https:\/\/www.moovie.fr\/index.php\/wp-json\/wp\/v2\/users\/2"}],"replies":[{"embeddable":true,"href":"https:\/\/www.moovie.fr\/index.php\/wp-json\/wp\/v2\/comments?post=139"}],"version-history":[{"count":0,"href":"https:\/\/www.moovie.fr\/index.php\/wp-json\/wp\/v2\/posts\/139\/revisions"}],"wp:attachment":[{"href":"https:\/\/www.moovie.fr\/index.php\/wp-json\/wp\/v2\/media?parent=139"}],"wp:term":[{"taxonomy":"category","embeddable":true,"href":"https:\/\/www.moovie.fr\/index.php\/wp-json\/wp\/v2\/categories?post=139"},{"taxonomy":"post_tag","embeddable":true,"href":"https:\/\/www.moovie.fr\/index.php\/wp-json\/wp\/v2\/tags?post=139"}],"curies":[{"name":"wp","href":"https:\/\/api.w.org\/{rel}","templated":true}]}}