{"id":173,"date":"2008-01-03T14:11:57","date_gmt":"2008-01-03T13:11:57","guid":{"rendered":"http:\/\/www.moovie.fr\/index.php\/2008\/01\/03\/mobile-sant-le-gouvernement-appelle-la-prudence\/"},"modified":"2008-01-03T14:11:57","modified_gmt":"2008-01-03T13:11:57","slug":"mobile-sant-le-gouvernement-appelle-la-prudence","status":"publish","type":"post","link":"https:\/\/www.moovie.fr\/index.php\/2008\/01\/03\/mobile-sant-le-gouvernement-appelle-la-prudence\/","title":{"rendered":"Mobile &amp; Sant&eacute;: le gouvernement appelle &agrave; la prudence"},"content":{"rendered":"<table cellspacing=\"0\" cellpadding=\"2\" width=\"440\" border=\"0\">\n<tbody>\n<tr>\n<td valign=\"top\" width=\"72\"><img loading=\"lazy\" decoding=\"async\" height=\"70\" src=\"http:\/\/i97.photobucket.com\/albums\/l239\/Loadings\/logoministresant.gif\" width=\"62\"> <\/td>\n<td valign=\"top\" width=\"363\">Dans un <a href=\"http:\/\/www.sante-jeunesse-sports.gouv.fr\/actualite-presse\/presse-sante\/communiques\/telephones-mobiles-sante-securite.html\">communiqu\u00e9<\/a> paru mercredi 2 janvier (<em>quelques jours apr\u00e8s No\u00ebl), <\/em>le minist\u00e8re fran\u00e7ais de la sant\u00e9 souligne qu&rsquo;une approche de pr\u00e9caution est justifi\u00e9e en mati\u00e8re d&rsquo;utilisation du mobile, notamment par les enfants.<\/td>\n<\/tr>\n<\/tbody>\n<\/table>\n<p>\u00ab\u00a0<em>Le minist\u00e8re de la sant\u00e9, de la jeunesse et des sports rappelle les conclusions de l\u2019expertise nationale et internationale sur ce sujet : aucune preuve scientifique ne permet aujourd\u2019hui de d\u00e9montrer que l\u2019utilisation des t\u00e9l\u00e9phones mobiles pr\u00e9sente un risque notable pour la sant\u00e9, que ce soit pour les adultes ou pour les enfants. Cependant, plusieurs \u00e9tudes scientifiques parues r\u00e9cemment, mettent en \u00e9vidence la possibilit\u00e9 d\u2019un risque faible d\u2019effet sanitaire li\u00e9 aux t\u00e9l\u00e9phones mobiles apr\u00e8s une utilisation intense et de longue dur\u00e9e (plus de dix ans). Toutefois, les limites inh\u00e9rentes \u00e0 ce type d\u2019\u00e9tudes ne permettent pas de conclure formellement sur l\u2019existence d\u2019un risque.\u00a0\u00bb<\/em><\/p>\n<p><em>\u00ab\u00a0L\u2019hypoth\u00e8se d\u2019un risque ne pouvant pas \u00eatre compl\u00e8tement exclue, une approche de pr\u00e9caution est justifi\u00e9e. Aussi, le minist\u00e8re de la sant\u00e9, de la jeunesse et des sports invite-t-il les familles et les parents \u00e0 la prudence et au bon usage dans leurs achats et l\u2019utilisation de tels dispositifs.\u00a0\u00bb<\/em><\/p>\n<p><em>\u00ab\u00a0Une plaquette \u00ab T\u00e9l\u00e9phones mobiles : sant\u00e9 et s\u00e9curit\u00e9 \u00bb rappelle ces conseils. Elle est en ligne sur le site du minist\u00e8re de la sant\u00e9, de la jeunesse et des sports (<\/em><a href=\"http:\/\/www.sante.gouv.fr\"><em>www.sante.gouv.fr<\/em><\/a><em>) au sein de la rubrique d\u00e9di\u00e9e \u00e0 la t\u00e9l\u00e9phonie mobile.<\/em>\u00ab\u00a0<\/p>\n","protected":false},"excerpt":{"rendered":"<p>Dans un communiqu\u00e9 paru mercredi 2 janvier (quelques jours apr\u00e8s No\u00ebl), le minist\u00e8re fran\u00e7ais de la sant\u00e9 souligne qu&rsquo;une approche de pr\u00e9caution est justifi\u00e9e en mati\u00e8re d&rsquo;utilisation du mobile, notamment par les enfants. \u00ab\u00a0Le minist\u00e8re de la sant\u00e9, de la jeunesse et des sports rappelle les conclusions de l\u2019expertise nationale et internationale sur ce sujet<span class=\"continue-reading\"> <a href=\"https:\/\/www.moovie.fr\/index.php\/2008\/01\/03\/mobile-sant-le-gouvernement-appelle-la-prudence\/\">&#46;&#46;&#46;<\/a><\/span><\/p>\n","protected":false},"author":2,"featured_media":0,"comment_status":"open","ping_status":"open","sticky":false,"template":"","format":"standard","meta":{"_crdt_document":"","_jetpack_memberships_contains_paid_content":false,"footnotes":""},"categories":[51,52,19],"tags":[10,248,247],"class_list":["post-173","post","type-post","status-publish","format-standard","hentry","category-audio","category-presse","category-video","tag-mobile","tag-telephone-mobile","tag-telephone-portable"],"aioseo_notices":[],"jetpack_featured_media_url":"","jetpack_sharing_enabled":true,"_links":{"self":[{"href":"https:\/\/www.moovie.fr\/index.php\/wp-json\/wp\/v2\/posts\/173","targetHints":{"allow":["GET"]}}],"collection":[{"href":"https:\/\/www.moovie.fr\/index.php\/wp-json\/wp\/v2\/posts"}],"about":[{"href":"https:\/\/www.moovie.fr\/index.php\/wp-json\/wp\/v2\/types\/post"}],"author":[{"embeddable":true,"href":"https:\/\/www.moovie.fr\/index.php\/wp-json\/wp\/v2\/users\/2"}],"replies":[{"embeddable":true,"href":"https:\/\/www.moovie.fr\/index.php\/wp-json\/wp\/v2\/comments?post=173"}],"version-history":[{"count":0,"href":"https:\/\/www.moovie.fr\/index.php\/wp-json\/wp\/v2\/posts\/173\/revisions"}],"wp:attachment":[{"href":"https:\/\/www.moovie.fr\/index.php\/wp-json\/wp\/v2\/media?parent=173"}],"wp:term":[{"taxonomy":"category","embeddable":true,"href":"https:\/\/www.moovie.fr\/index.php\/wp-json\/wp\/v2\/categories?post=173"},{"taxonomy":"post_tag","embeddable":true,"href":"https:\/\/www.moovie.fr\/index.php\/wp-json\/wp\/v2\/tags?post=173"}],"curies":[{"name":"wp","href":"https:\/\/api.w.org\/{rel}","templated":true}]}}