{"id":178,"date":"2008-01-04T10:32:50","date_gmt":"2008-01-04T09:32:50","guid":{"rendered":"http:\/\/www.moovie.fr\/index.php\/2008\/01\/04\/jay-z-lancerait-un-label-de-musique-avec-apple\/"},"modified":"2008-01-04T10:32:50","modified_gmt":"2008-01-04T09:32:50","slug":"jay-z-lancerait-un-label-de-musique-avec-apple","status":"publish","type":"post","link":"https:\/\/www.moovie.fr\/index.php\/2008\/01\/04\/jay-z-lancerait-un-label-de-musique-avec-apple\/","title":{"rendered":"Jay-Z lancerait un label de musique avec Apple"},"content":{"rendered":"<table cellspacing=\"0\" cellpadding=\"2\" width=\"440\" border=\"0\">\n<tbody>\n<tr>\n<td valign=\"top\" width=\"164\"><img decoding=\"async\" src=\"http:\/\/i97.photobucket.com\/albums\/l239\/Loadings\/jayzapple.gif\"> <\/td>\n<td valign=\"top\" width=\"274\">La rumeur enfle, selon le <a href=\"http:\/\/www.boygeniusreport.com\/2008\/01\/02\/jay-z-launching-record-label-with-apple\/\">site The Boy Genius Report<\/a>, le rappeur Jay-Z qui vient de quitter son poste de Pr\u00e9sident du label Def Jam lancerait son propre label avec Apple. BGR <a href=\"http:\/\/www.boygeniusreport.com\/2008\/01\/03\/apple-jay-z-the-follow-up\/\">croit savoir \u00e9galement<\/a> que le rappeur ne prendra pas la direction du nouveau label mais fera comme ce qu&rsquo;il a fait en partie chez Def Jam, c&rsquo;est \u00e0 dire recruter des artistes. La nouvelle pourrait \u00eatre annonc\u00e9e lors du Macworld de mi-janvier.<\/td>\n<\/tr>\n<\/tbody>\n<\/table>\n","protected":false},"excerpt":{"rendered":"<p>La rumeur enfle, selon le site The Boy Genius Report, le rappeur Jay-Z qui vient de quitter son poste de Pr\u00e9sident du label Def Jam lancerait son propre label avec Apple. BGR croit savoir \u00e9galement que le rappeur ne prendra pas la direction du nouveau label mais fera comme ce qu&rsquo;il a fait en partie<span class=\"continue-reading\"> <a href=\"https:\/\/www.moovie.fr\/index.php\/2008\/01\/04\/jay-z-lancerait-un-label-de-musique-avec-apple\/\">&#46;&#46;&#46;<\/a><\/span><\/p>\n","protected":false},"author":2,"featured_media":0,"comment_status":"open","ping_status":"open","sticky":false,"template":"","format":"standard","meta":{"_crdt_document":"","_jetpack_memberships_contains_paid_content":false,"footnotes":""},"categories":[51],"tags":[30,299,298,300],"class_list":["post-178","post","type-post","status-publish","format-standard","hentry","category-audio","tag-apple","tag-jay-z","tag-label","tag-macworld"],"aioseo_notices":[],"jetpack_featured_media_url":"","jetpack_sharing_enabled":true,"_links":{"self":[{"href":"https:\/\/www.moovie.fr\/index.php\/wp-json\/wp\/v2\/posts\/178","targetHints":{"allow":["GET"]}}],"collection":[{"href":"https:\/\/www.moovie.fr\/index.php\/wp-json\/wp\/v2\/posts"}],"about":[{"href":"https:\/\/www.moovie.fr\/index.php\/wp-json\/wp\/v2\/types\/post"}],"author":[{"embeddable":true,"href":"https:\/\/www.moovie.fr\/index.php\/wp-json\/wp\/v2\/users\/2"}],"replies":[{"embeddable":true,"href":"https:\/\/www.moovie.fr\/index.php\/wp-json\/wp\/v2\/comments?post=178"}],"version-history":[{"count":0,"href":"https:\/\/www.moovie.fr\/index.php\/wp-json\/wp\/v2\/posts\/178\/revisions"}],"wp:attachment":[{"href":"https:\/\/www.moovie.fr\/index.php\/wp-json\/wp\/v2\/media?parent=178"}],"wp:term":[{"taxonomy":"category","embeddable":true,"href":"https:\/\/www.moovie.fr\/index.php\/wp-json\/wp\/v2\/categories?post=178"},{"taxonomy":"post_tag","embeddable":true,"href":"https:\/\/www.moovie.fr\/index.php\/wp-json\/wp\/v2\/tags?post=178"}],"curies":[{"name":"wp","href":"https:\/\/api.w.org\/{rel}","templated":true}]}}