{"id":334,"date":"2008-01-28T10:52:20","date_gmt":"2008-01-28T09:52:20","guid":{"rendered":"http:\/\/www.moovie.fr\/index.php\/2008\/01\/28\/christine-albanel-rejete-la-licence-globale\/"},"modified":"2008-01-28T10:52:20","modified_gmt":"2008-01-28T09:52:20","slug":"christine-albanel-rejete-la-licence-globale","status":"publish","type":"post","link":"https:\/\/www.moovie.fr\/index.php\/2008\/01\/28\/christine-albanel-rejete-la-licence-globale\/","title":{"rendered":"Christine Albanel rejete la licence globale"},"content":{"rendered":"<p>La ministre de la Culture et de la Communication Christine Albanel a fermement rejet\u00e9 ce week end \u00e0 l&rsquo;occasion du Midem la proposition \u00e9mise par la commission Attali d&rsquo;instaurer la licence globale qui permettrait aux internautes de s&rsquo;\u00e9changer librement toutes sortes de contenus culturels moyennant une indemnit\u00e9 forfaitaire.<\/p>\n<table cellspacing=\"0\" cellpadding=\"2\" width=\"440\" border=\"0\">\n<tbody>\n<tr>\n<td valign=\"top\" width=\"322\">\n<p>Selon la ministre, \u00ab\u00a0<em>la simplicit\u00e9 de la proposition a pu s\u00e9duire dans un contexte o\u00f9 l&rsquo;offre l\u00e9gale \u00e9tait d\u00e9ficiente, mais elle appara\u00eet d\u00e9sormais en d\u00e9calage total avec le dynamisme dont font preuve les acteurs \u00e9conomiques<\/em>\u00a0\u00bb et critique le fait que la proposition n&rsquo;ait fait l&rsquo;objet \u00ab\u00a0<em>d&rsquo;aucune concertation pr\u00e9alable avec mon minist\u00e8re ni avec les professionnels (&#8230;) <\/em><em>Apr\u00e8s tout le travail accompli, je ne pense pas que cette proposition ait beaucoup de chance d&rsquo;aboutir<\/em>\u00ab\u00a0.<\/p>\n<\/td>\n<td valign=\"top\" width=\"117\"><img decoding=\"async\" src=\"http:\/\/i244.photobucket.com\/albums\/gg23\/moovieblog\/christinealbanel-1.gif\"> <\/td>\n<\/tr>\n<\/tbody>\n<\/table>\n","protected":false},"excerpt":{"rendered":"<p>La ministre de la Culture et de la Communication Christine Albanel a fermement rejet\u00e9 ce week end \u00e0 l&rsquo;occasion du Midem la proposition \u00e9mise par la commission Attali d&rsquo;instaurer la licence globale qui permettrait aux internautes de s&rsquo;\u00e9changer librement toutes sortes de contenus culturels moyennant une indemnit\u00e9 forfaitaire. Selon la ministre, \u00ab\u00a0la simplicit\u00e9 de la<span class=\"continue-reading\"> <a href=\"https:\/\/www.moovie.fr\/index.php\/2008\/01\/28\/christine-albanel-rejete-la-licence-globale\/\">&#46;&#46;&#46;<\/a><\/span><\/p>\n","protected":false},"author":2,"featured_media":0,"comment_status":"open","ping_status":"open","sticky":false,"template":"","format":"standard","meta":{"_crdt_document":"","_jetpack_memberships_contains_paid_content":false,"footnotes":""},"categories":[51,52,19],"tags":[567,568,107],"class_list":["post-334","post","type-post","status-publish","format-standard","hentry","category-audio","category-presse","category-video","tag-christine-albanel","tag-licence-globale","tag-telechargement-legal"],"aioseo_notices":[],"jetpack_featured_media_url":"","jetpack_sharing_enabled":true,"_links":{"self":[{"href":"https:\/\/www.moovie.fr\/index.php\/wp-json\/wp\/v2\/posts\/334","targetHints":{"allow":["GET"]}}],"collection":[{"href":"https:\/\/www.moovie.fr\/index.php\/wp-json\/wp\/v2\/posts"}],"about":[{"href":"https:\/\/www.moovie.fr\/index.php\/wp-json\/wp\/v2\/types\/post"}],"author":[{"embeddable":true,"href":"https:\/\/www.moovie.fr\/index.php\/wp-json\/wp\/v2\/users\/2"}],"replies":[{"embeddable":true,"href":"https:\/\/www.moovie.fr\/index.php\/wp-json\/wp\/v2\/comments?post=334"}],"version-history":[{"count":0,"href":"https:\/\/www.moovie.fr\/index.php\/wp-json\/wp\/v2\/posts\/334\/revisions"}],"wp:attachment":[{"href":"https:\/\/www.moovie.fr\/index.php\/wp-json\/wp\/v2\/media?parent=334"}],"wp:term":[{"taxonomy":"category","embeddable":true,"href":"https:\/\/www.moovie.fr\/index.php\/wp-json\/wp\/v2\/categories?post=334"},{"taxonomy":"post_tag","embeddable":true,"href":"https:\/\/www.moovie.fr\/index.php\/wp-json\/wp\/v2\/tags?post=334"}],"curies":[{"name":"wp","href":"https:\/\/api.w.org\/{rel}","templated":true}]}}