{"id":362,"date":"2008-02-01T12:05:37","date_gmt":"2008-02-01T11:05:37","guid":{"rendered":"http:\/\/www.moovie.fr\/index.php\/2008\/02\/01\/canal-orange-droits-de-retransmission-du-foot-lhistoire-se-rpte-avec-de-nouveaux-acteurs\/"},"modified":"2008-02-01T12:05:37","modified_gmt":"2008-02-01T11:05:37","slug":"canal-orange-droits-de-retransmission-du-foot-lhistoire-se-rpte-avec-de-nouveaux-acteurs","status":"publish","type":"post","link":"https:\/\/www.moovie.fr\/index.php\/2008\/02\/01\/canal-orange-droits-de-retransmission-du-foot-lhistoire-se-rpte-avec-de-nouveaux-acteurs\/","title":{"rendered":"Canal + \/ Orange : Droits de retransmission du foot, l&rsquo;histoire se r&eacute;p&egrave;te avec de nouveaux acteurs&#8230;"},"content":{"rendered":"<p><strong>Canal + furieux ?<\/strong> La cha\u00eene crypt\u00e9e doit l&rsquo;\u00eatre. Apr\u00e8s avoir aval\u00e9 son concurrent principal TPS et ainsi s&rsquo;\u00eatre offert ch\u00e8rement un boulevard au niveau de l&rsquo;acquisition des droits de la Ligue 1, le groupe Canal voit bien malgr\u00e9 lui de nouveaux concurrents s\u00e9rieux remettre en cause son pouvoir de n\u00e9gociation vis-\u00e0-vis de la LFP (<em><a href=\"http:\/\/www.lfp.fr\">Ligue Fran\u00e7aise de Football<\/a><\/em>)<\/p>\n<p><strong>Orange nouveau TPS ?<\/strong> \u00ab\u00a0<em>Pas question d&rsquo;acheter un match int\u00e9gral en prime-time<\/em>\u00a0\u00bb d\u00e9clarait&nbsp; Didier Lombard, PDG de France T\u00e9l\u00e9com\/Orange \u00e0 la veille de l&rsquo;appel d&rsquo;offres en novembre dernier. Pour entretenir le suspens, Orange d\u00e9clarait pourtant mi-janvier que \u00ab\u00a0<em>le premium nous int\u00e9resse, un tel lot peut tr\u00e8s bien se rentabiliser sur nos canaux ou sur ceux des autres*<\/em>\u00ab\u00a0. Bertrand M\u00e9heut r\u00e9pondait alors : \u00ab\u00a0\u00e7a <em>fait partie du r\u00eave de tout le monde d&rsquo;entrer dans la t\u00e9l\u00e9&#8230; surtout quand on n&rsquo;y est pas. Des contenus Premium, pay\u00e9s cher, doivent \u00eatre amortis sur la base d&rsquo;abonn\u00e9s la plus large possible<\/em>\u00a0\u00bb (<em>un peu plus de 1 million pour Orange et 10 millions pour Canal +<\/em>) Le jeu entre les deux groupes pouvait commencer&#8230;<\/p>\n<p>La LFP qui esp\u00e8re d\u00e9passer les 750 millions d&rsquo;euros par an (<em>600 millions\/an avaient \u00e9t\u00e9 d\u00e9bours\u00e9s par Canal + lors du dernier appel d&rsquo;offres<\/em>) se r\u00e9jouit de cette nouvelle concurrence et a indiqu\u00e9 hier dans un <a href=\"http:\/\/www.lfp.fr\/actualiteLFP\/lireArticle.asp?idArticle=9636\">communiqu\u00e9<\/a> ouvrir une deuxi\u00e8me phase de la proc\u00e9dure pour d\u00e9partager \u00ab\u00a0<em>les deux acteurs d\u00e9sormais majeurs<\/em>\u00a0\u00bb : Orange et Canal + <\/p>\n<blockquote>\n<p><em>Au cours de la premi\u00e8re phase de l&rsquo;appel \u00e0 candidatures, la LFP a re\u00e7u et examin\u00e9 31 offres de la part de 9 candidats. <\/em><\/p>\n<p><em>Les r\u00e9sultats obtenus ce soir font appara\u00eetre une r\u00e9elle comp\u00e9tition entre deux acteurs d\u00e9sormais majeurs. <\/em> <\/p>\n<p><em>La LFP se f\u00e9licite ainsi de la candidature d&rsquo;Orange, y compris sur les lots Premium. <\/em> <\/p>\n<p><em>Le conseil d&rsquo;administration a pris acte avec satisfaction des r\u00e9sultats obtenus \u00e0 l&rsquo;issue de cette premi\u00e8re phase et a d\u00e9cid\u00e9, comme le pr\u00e9voit le r\u00e8glement, d&rsquo;ouvrir une deuxi\u00e8me phase de la proc\u00e9dure, qui couvrira l&rsquo;ensemble des lots et qui interviendra dans les prochains jours. A ce stade donc, aucune attribution d\u00e9finitive n&rsquo;a \u00e9t\u00e9 prononc\u00e9e.<\/em><\/p>\n<\/blockquote>\n<p>La LFP n&rsquo;a cependant pas pr\u00e9cis\u00e9 quand elle rendra sa d\u00e9cision pour le deuxi\u00e8me tour de ces ench\u00e8res.<\/p>\n<p>*Source : <a href=\"http:\/\/www.challenges.fr\/\">Challenges<\/a><\/p>\n","protected":false},"excerpt":{"rendered":"<p>Canal + furieux ? La cha\u00eene crypt\u00e9e doit l&rsquo;\u00eatre. Apr\u00e8s avoir aval\u00e9 son concurrent principal TPS et ainsi s&rsquo;\u00eatre offert ch\u00e8rement un boulevard au niveau de l&rsquo;acquisition des droits de la Ligue 1, le groupe Canal voit bien malgr\u00e9 lui de nouveaux concurrents s\u00e9rieux remettre en cause son pouvoir de n\u00e9gociation vis-\u00e0-vis de la LFP<span class=\"continue-reading\"> <a href=\"https:\/\/www.moovie.fr\/index.php\/2008\/02\/01\/canal-orange-droits-de-retransmission-du-foot-lhistoire-se-rpte-avec-de-nouveaux-acteurs\/\">&#46;&#46;&#46;<\/a><\/span><\/p>\n","protected":false},"author":2,"featured_media":0,"comment_status":"open","ping_status":"open","sticky":false,"template":"","format":"standard","meta":{"_crdt_document":"","_jetpack_memberships_contains_paid_content":false,"footnotes":""},"categories":[19],"tags":[120,519,520,614,32],"class_list":["post-362","post","type-post","status-publish","format-standard","hentry","category-video","tag-canal","tag-football","tag-lfp","tag-ligue-1","tag-orange"],"aioseo_notices":[],"jetpack_featured_media_url":"","jetpack_sharing_enabled":true,"_links":{"self":[{"href":"https:\/\/www.moovie.fr\/index.php\/wp-json\/wp\/v2\/posts\/362","targetHints":{"allow":["GET"]}}],"collection":[{"href":"https:\/\/www.moovie.fr\/index.php\/wp-json\/wp\/v2\/posts"}],"about":[{"href":"https:\/\/www.moovie.fr\/index.php\/wp-json\/wp\/v2\/types\/post"}],"author":[{"embeddable":true,"href":"https:\/\/www.moovie.fr\/index.php\/wp-json\/wp\/v2\/users\/2"}],"replies":[{"embeddable":true,"href":"https:\/\/www.moovie.fr\/index.php\/wp-json\/wp\/v2\/comments?post=362"}],"version-history":[{"count":0,"href":"https:\/\/www.moovie.fr\/index.php\/wp-json\/wp\/v2\/posts\/362\/revisions"}],"wp:attachment":[{"href":"https:\/\/www.moovie.fr\/index.php\/wp-json\/wp\/v2\/media?parent=362"}],"wp:term":[{"taxonomy":"category","embeddable":true,"href":"https:\/\/www.moovie.fr\/index.php\/wp-json\/wp\/v2\/categories?post=362"},{"taxonomy":"post_tag","embeddable":true,"href":"https:\/\/www.moovie.fr\/index.php\/wp-json\/wp\/v2\/tags?post=362"}],"curies":[{"name":"wp","href":"https:\/\/api.w.org\/{rel}","templated":true}]}}