{"id":384,"date":"2008-02-23T18:57:11","date_gmt":"2008-02-23T17:57:11","guid":{"rendered":"http:\/\/www.moovie.fr\/index.php\/2008\/02\/23\/canal-revendique-250-000-clients-ses-offres-mobiles\/"},"modified":"2008-02-23T18:57:11","modified_gmt":"2008-02-23T17:57:11","slug":"canal-revendique-250-000-clients-ses-offres-mobiles","status":"publish","type":"post","link":"https:\/\/www.moovie.fr\/index.php\/2008\/02\/23\/canal-revendique-250-000-clients-ses-offres-mobiles\/","title":{"rendered":"Canal + revendique 250 000 clients &agrave; ses offres mobiles"},"content":{"rendered":"<p>Le groupe Canal + qui a lanc\u00e9 au printemps 2005 la premi\u00e8re offre de t\u00e9l\u00e9vision pour mobile avec CanalSat Mobile puis \u00e0 l&rsquo;automne 2005 Canal + Mobile a annonc\u00e9 la semaine derni\u00e8re avoir franchi la barre des 250 000 clients 3G\/3G + et EDGE chez ses partenaires SFR (<em><a href=\"http:\/\/www.moovie.fr\/index.php\/2008\/01\/17\/sfr-franchit-le-cap-des-350-000-abonns-la-tv-mobile-3g3g\/\" target=\"_blank\">350 00 abonn\u00e9s<\/a><\/em>) et Bouygues Telecom.<\/p>\n<p><a href=\"http:\/\/media.canal-plus.com\/file\/62\/1\/96621.pdf\" target=\"_blank\">Source<\/a><\/p>\n","protected":false},"excerpt":{"rendered":"<p>Le groupe Canal + qui a lanc\u00e9 au printemps 2005 la premi\u00e8re offre de t\u00e9l\u00e9vision pour mobile avec CanalSat Mobile puis \u00e0 l&rsquo;automne 2005 Canal + Mobile a annonc\u00e9 la semaine derni\u00e8re avoir franchi la barre des 250 000 clients 3G\/3G + et EDGE chez ses partenaires SFR (350 00 abonn\u00e9s) et Bouygues Telecom. Source<\/p>\n","protected":false},"author":2,"featured_media":0,"comment_status":"open","ping_status":"open","sticky":false,"template":"","format":"standard","meta":{"_crdt_document":"","_jetpack_memberships_contains_paid_content":false,"footnotes":""},"categories":[19],"tags":[636,12,120,637,10,184],"class_list":["post-384","post","type-post","status-publish","format-standard","hentry","category-video","tag-3g","tag-bouygues-telecom","tag-canal","tag-edge","tag-mobile","tag-sfr"],"aioseo_notices":[],"jetpack_featured_media_url":"","jetpack_sharing_enabled":true,"_links":{"self":[{"href":"https:\/\/www.moovie.fr\/index.php\/wp-json\/wp\/v2\/posts\/384","targetHints":{"allow":["GET"]}}],"collection":[{"href":"https:\/\/www.moovie.fr\/index.php\/wp-json\/wp\/v2\/posts"}],"about":[{"href":"https:\/\/www.moovie.fr\/index.php\/wp-json\/wp\/v2\/types\/post"}],"author":[{"embeddable":true,"href":"https:\/\/www.moovie.fr\/index.php\/wp-json\/wp\/v2\/users\/2"}],"replies":[{"embeddable":true,"href":"https:\/\/www.moovie.fr\/index.php\/wp-json\/wp\/v2\/comments?post=384"}],"version-history":[{"count":0,"href":"https:\/\/www.moovie.fr\/index.php\/wp-json\/wp\/v2\/posts\/384\/revisions"}],"wp:attachment":[{"href":"https:\/\/www.moovie.fr\/index.php\/wp-json\/wp\/v2\/media?parent=384"}],"wp:term":[{"taxonomy":"category","embeddable":true,"href":"https:\/\/www.moovie.fr\/index.php\/wp-json\/wp\/v2\/categories?post=384"},{"taxonomy":"post_tag","embeddable":true,"href":"https:\/\/www.moovie.fr\/index.php\/wp-json\/wp\/v2\/tags?post=384"}],"curies":[{"name":"wp","href":"https:\/\/api.w.org\/{rel}","templated":true}]}}