{"id":397,"date":"2008-03-10T18:01:05","date_gmt":"2008-03-10T17:01:05","guid":{"rendered":"http:\/\/www.moovie.fr\/index.php\/2008\/03\/10\/canal-et-m6-lancent-leur-service-de-tlevision-la-demande\/"},"modified":"2008-03-10T18:01:05","modified_gmt":"2008-03-10T17:01:05","slug":"canal-et-m6-lancent-leur-service-de-tlevision-la-demande","status":"publish","type":"post","link":"https:\/\/www.moovie.fr\/index.php\/2008\/03\/10\/canal-et-m6-lancent-leur-service-de-tlevision-la-demande\/","title":{"rendered":"Canal + et M6 lancent leur service de &quot;t&eacute;levision &agrave; la demande&quot;"},"content":{"rendered":"<p>&quot;Canal + &#224; la demande&quot; et &quot;M6 Replay&quot;, ce sont les noms des nouveaux services de &quot;t&#233;levision &#224; la demande&quot; que vont prochainement proposer les deux cha&#238;nes.<\/p>\n<table border=\"0\" cellspacing=\"0\" cellpadding=\"2\" width=\"440\">\n<tbody>\n<tr>\n<td valign=\"top\" width=\"134\"><img decoding=\"async\" src=\"http:\/\/i244.photobucket.com\/albums\/gg23\/moovieblog\/canallogo-1.jpg\" \/> <\/td>\n<td valign=\"top\" width=\"304\">Canal + indique en effet dans un <a href=\"http:\/\/media.canal-plus.com\/file\/79\/3\/98793.pdf\">communiqu&#233;<\/a> que le service sera disponible &#224; partir du 11 <\/td>\n<\/tr>\n<\/tbody>\n<\/table>\n<p> mars et sera destin&#233; &#224; l&rsquo;ensemble des abonn&#233;s qui pourront ainsi &quot;s&rsquo;affranchir de la programmation antenne et visionner leurs programmes quand ils le souhaitent (&#8230;) Canal + &#224; la demande permet au t&#233;l&#233;spectateur de voir ou revoir son programme pr&#233;f&#233;r&#233; juste apr&#232;s sa diffusion &#224; l&rsquo;antenne et lui offre la libert&#233; de devenir ma&#238;tre de sa programmation.&quot; Des contenus exclusifs issus des cha&#238;nes de Canal + Le Bouquet seront mis en ligne et seront disponibles pendant leur p&#233;riode de multidiffusion sur Canal +. Ainsi, la cha&#238;ne crypt&#233;e proposera &#224; ses abonn&#233;s t&#233;l&#233;nautes les &#233;missions de flux (Le Grande Journal, + clair, Dimanche +, le Zapping&#8230;) mais &#233;galement des films et s&#233;ries US (Pirates des Cara&#239;bes 2, Desperate Housewives) et s&#233;ries fran&#231;aises (Engrenages&#8230;), des programmes d&rsquo;animation, des documentaires et du sport (championnat de football anglais, espagnol, italien, la Ligue des Champions&#8230;). Le service est pour l&rsquo;instant disponible sur PC.  <\/p>\n<p>&#160;<\/p>\n<table border=\"0\" cellspacing=\"0\" cellpadding=\"2\" width=\"440\">\n<tbody>\n<tr>\n<td valign=\"top\" width=\"327\">M6 doit quant &#224; elle rendre public le 13 mars selon l&rsquo;AFP, les d&#233;tails de son service &quot;M6 Replay&quot;, un nouveau service gratuit qui sera lanc&#233; &quot;prochainement&quot;, pr&#233;cise-t-on &#224; M6. Baptis&#233; &quot;M6 Replay&quot;, ce nouveau service est pr&#233;sent&#233; comme la &quot;t&#233;l&#233;vision nouvelle g&#233;n&#233;ration&quot;. Plus d&rsquo;infos donc Jeudi prochain&#8230;<\/td>\n<td valign=\"top\" width=\"112\"><img decoding=\"async\" src=\"http:\/\/i244.photobucket.com\/albums\/gg23\/moovieblog\/m6logo-1-1.jpg\" \/> <\/td>\n<\/tr>\n<\/tbody>\n<\/table>\n<p>&#160;<\/p>\n<p>M6 et Canal + se mettent ainsi &#224; l&rsquo;heure des services de &quot;t&#233;l&#233;vision &#224; la demande&quot; initi&#233;s en juillet dernier par le service &quot;Rewind TV&quot; propos&#233; par France T&#233;l&#233;visions et Orange. Les abonn&#233;s d&#8217;<a href=\"http:\/\/www.orange.fr\/\">Orange<\/a> ayant souscrit au service TV d&#8217;Orange peuvent recevoir gratuitement sur leur t&#233;l&#233;phone portable, leur t&#233;l&#233;vision ou leur ordinateur certains programmes de <a href=\"http:\/\/www.francetelevisions.fr\/\">France T&#233;l&#233;visions<\/a>. Les abonn&#233;s ont ainsi acc&#232;s pendant sept jours aux programmes de flux (<em>magazines, divertissement, journaux&#8230;<\/em>) et pendant trente jours aux programmes de stock (<em>s&#233;ries, fictions, etc.<\/em>) Les films de cin&#233;ma ne sont pas concern&#233;s.<\/p>\n","protected":false},"excerpt":{"rendered":"<p>&quot;Canal + &#224; la demande&quot; et &quot;M6 Replay&quot;, ce sont les noms des nouveaux services de &quot;t&#233;levision &#224; la demande&quot; que vont prochainement proposer les deux cha&#238;nes. Canal + indique en effet dans un communiqu&#233; que le service sera disponible &#224; partir du 11 mars et sera destin&#233; &#224; l&rsquo;ensemble des abonn&#233;s qui pourront ainsi<span class=\"continue-reading\"> <a href=\"https:\/\/www.moovie.fr\/index.php\/2008\/03\/10\/canal-et-m6-lancent-leur-service-de-tlevision-la-demande\/\">&#46;&#46;&#46;<\/a><\/span><\/p>\n","protected":false},"author":2,"featured_media":0,"comment_status":"open","ping_status":"open","sticky":false,"template":"","format":"standard","meta":{"_jetpack_newsletter_access":"","_jetpack_dont_email_post_to_subs":false,"_jetpack_newsletter_tier_id":0,"_jetpack_memberships_contains_paywalled_content":false,"_jetpack_memberships_contains_paid_content":false,"footnotes":""},"categories":[19],"tags":[120,649,45,510,650,32,652,651,122],"class_list":["post-397","post","type-post","status-publish","format-standard","hentry","category-video","tag-canal","tag-canal-a-la-demande","tag-france-televisions","tag-m6","tag-m6-replay","tag-orange","tag-rewind-tv","tag-television-a-la-demande","tag-vod"],"aioseo_notices":[],"aioseo_head":"\n\t\t<!-- All in One SEO 5.0.1.1 - aioseo.com -->\n\t<meta name=\"description\" content=\"&quot;Canal + \u00e0 la demande&quot; et &quot;M6 Replay&quot;, ce sont les noms des nouveaux services de &quot;t\u00e9levision \u00e0 la demande&quot; que vont prochainement proposer les deux cha\u00eenes. Canal + indique en effet dans un communiqu\u00e9 que le service sera disponible \u00e0 partir du 11 mars et sera destin\u00e9 \u00e0 l&#039;ensemble des abonn\u00e9s qui pourront ainsi\" \/>\n\t<meta name=\"robots\" content=\"max-image-preview:large\" \/>\n\t<meta name=\"author\" content=\"C\u00e9dric Bellenger\"\/>\n\t<link rel=\"canonical\" href=\"https:\/\/www.moovie.fr\/index.php\/2008\/03\/10\/canal-et-m6-lancent-leur-service-de-tlevision-la-demande\/\" \/>\n\t<meta name=\"generator\" content=\"All in One SEO (AIOSEO) 5.0.1.1\" \/>\n\t\t<meta property=\"og:locale\" content=\"fr_FR\" \/>\n\t\t<meta property=\"og:site_name\" content=\"moovie |\" \/>\n\t\t<meta property=\"og:type\" content=\"article\" \/>\n\t\t<meta property=\"og:title\" content=\"Canal + et M6 lancent leur service de &quot;t\u00e9levision \u00e0 la demande&quot; | moovie\" \/>\n\t\t<meta property=\"og:description\" content=\"&quot;Canal + \u00e0 la demande&quot; et &quot;M6 Replay&quot;, ce sont les noms des nouveaux services de &quot;t\u00e9levision \u00e0 la demande&quot; que vont prochainement proposer les deux cha\u00eenes. Canal + indique en effet dans un communiqu\u00e9 que le service sera disponible \u00e0 partir du 11 mars et sera destin\u00e9 \u00e0 l&#039;ensemble des abonn\u00e9s qui pourront ainsi\" \/>\n\t\t<meta property=\"og:url\" content=\"https:\/\/www.moovie.fr\/index.php\/2008\/03\/10\/canal-et-m6-lancent-leur-service-de-tlevision-la-demande\/\" \/>\n\t\t<meta property=\"article:published_time\" content=\"2008-03-10T17:01:05+00:00\" \/>\n\t\t<meta property=\"article:modified_time\" content=\"2008-03-10T17:01:05+00:00\" \/>\n\t\t<meta name=\"twitter:card\" content=\"summary\" \/>\n\t\t<meta name=\"twitter:title\" content=\"Canal + et M6 lancent leur service de &quot;t\u00e9levision \u00e0 la demande&quot; | moovie\" \/>\n\t\t<meta name=\"twitter:description\" content=\"&quot;Canal + \u00e0 la demande&quot; et &quot;M6 Replay&quot;, ce sont les noms des nouveaux services de &quot;t\u00e9levision \u00e0 la demande&quot; que vont prochainement proposer les deux cha\u00eenes. Canal + indique en effet dans un communiqu\u00e9 que le service sera disponible \u00e0 partir du 11 mars et sera destin\u00e9 \u00e0 l&#039;ensemble des abonn\u00e9s qui pourront ainsi\" \/>\n\t\t<script type=\"application\/ld+json\" class=\"aioseo-schema\">\n\t\t\t{\"@context\":\"https:\\\/\\\/schema.org\",\"@graph\":[{\"@type\":\"Article\",\"@id\":\"https:\\\/\\\/www.moovie.fr\\\/index.php\\\/2008\\\/03\\\/10\\\/canal-et-m6-lancent-leur-service-de-tlevision-la-demande\\\/#article\",\"name\":\"Canal + et M6 lancent leur service de \\\"t\\u00e9levision \\u00e0 la demande\\\" | moovie\",\"headline\":\"Canal + et M6 lancent leur service de &quot;t&eacute;levision &agrave; la demande&quot;\",\"author\":{\"@id\":\"https:\\\/\\\/www.moovie.fr\\\/index.php\\\/author\\\/cedricbellenger\\\/#author\"},\"publisher\":{\"@id\":\"https:\\\/\\\/www.moovie.fr\\\/#organization\"},\"image\":{\"@type\":\"ImageObject\",\"url\":\"http:\\\/\\\/i244.photobucket.com\\\/albums\\\/gg23\\\/moovieblog\\\/canallogo-1.jpg\",\"@id\":\"https:\\\/\\\/www.moovie.fr\\\/index.php\\\/2008\\\/03\\\/10\\\/canal-et-m6-lancent-leur-service-de-tlevision-la-demande\\\/#articleImage\"},\"datePublished\":\"2008-03-10T18:01:05+01:00\",\"dateModified\":\"2008-03-10T18:01:05+01:00\",\"inLanguage\":\"fr-FR\",\"mainEntityOfPage\":{\"@id\":\"https:\\\/\\\/www.moovie.fr\\\/index.php\\\/2008\\\/03\\\/10\\\/canal-et-m6-lancent-leur-service-de-tlevision-la-demande\\\/#webpage\"},\"isPartOf\":{\"@id\":\"https:\\\/\\\/www.moovie.fr\\\/index.php\\\/2008\\\/03\\\/10\\\/canal-et-m6-lancent-leur-service-de-tlevision-la-demande\\\/#webpage\"},\"articleSection\":\"vid\\u00e9o, canal +, canal + \\u00e0 la demande, france t\\u00e9l\\u00e9visions, m6, m6 replay, orange, rewind tv, t\\u00e9l\\u00e9vision \\u00e0 la demande, vod\"},{\"@type\":\"BreadcrumbList\",\"@id\":\"https:\\\/\\\/www.moovie.fr\\\/index.php\\\/2008\\\/03\\\/10\\\/canal-et-m6-lancent-leur-service-de-tlevision-la-demande\\\/#breadcrumblist\",\"itemListElement\":[{\"@type\":\"ListItem\",\"@id\":\"https:\\\/\\\/www.moovie.fr#listItem\",\"position\":1,\"name\":\"Home\",\"item\":\"https:\\\/\\\/www.moovie.fr\",\"nextItem\":{\"@type\":\"ListItem\",\"@id\":\"https:\\\/\\\/www.moovie.fr\\\/index.php\\\/category\\\/news_web\\\/#listItem\",\"name\":\"Actualit\\u00e9 web\"}},{\"@type\":\"ListItem\",\"@id\":\"https:\\\/\\\/www.moovie.fr\\\/index.php\\\/category\\\/news_web\\\/#listItem\",\"position\":2,\"name\":\"Actualit\\u00e9 web\",\"item\":\"https:\\\/\\\/www.moovie.fr\\\/index.php\\\/category\\\/news_web\\\/\",\"nextItem\":{\"@type\":\"ListItem\",\"@id\":\"https:\\\/\\\/www.moovie.fr\\\/index.php\\\/category\\\/news_web\\\/convergence_medias\\\/#listItem\",\"name\":\"Convergence des m\\u00e9dias\"},\"previousItem\":{\"@type\":\"ListItem\",\"@id\":\"https:\\\/\\\/www.moovie.fr#listItem\",\"name\":\"Home\"}},{\"@type\":\"ListItem\",\"@id\":\"https:\\\/\\\/www.moovie.fr\\\/index.php\\\/category\\\/news_web\\\/convergence_medias\\\/#listItem\",\"position\":3,\"name\":\"Convergence des m\\u00e9dias\",\"item\":\"https:\\\/\\\/www.moovie.fr\\\/index.php\\\/category\\\/news_web\\\/convergence_medias\\\/\",\"nextItem\":{\"@type\":\"ListItem\",\"@id\":\"https:\\\/\\\/www.moovie.fr\\\/index.php\\\/category\\\/news_web\\\/convergence_medias\\\/video\\\/#listItem\",\"name\":\"vid\\u00e9o\"},\"previousItem\":{\"@type\":\"ListItem\",\"@id\":\"https:\\\/\\\/www.moovie.fr\\\/index.php\\\/category\\\/news_web\\\/#listItem\",\"name\":\"Actualit\\u00e9 web\"}},{\"@type\":\"ListItem\",\"@id\":\"https:\\\/\\\/www.moovie.fr\\\/index.php\\\/category\\\/news_web\\\/convergence_medias\\\/video\\\/#listItem\",\"position\":4,\"name\":\"vid\\u00e9o\",\"item\":\"https:\\\/\\\/www.moovie.fr\\\/index.php\\\/category\\\/news_web\\\/convergence_medias\\\/video\\\/\",\"nextItem\":{\"@type\":\"ListItem\",\"@id\":\"https:\\\/\\\/www.moovie.fr\\\/index.php\\\/2008\\\/03\\\/10\\\/canal-et-m6-lancent-leur-service-de-tlevision-la-demande\\\/#listItem\",\"name\":\"Canal + et M6 lancent leur service de &quot;t&eacute;levision &agrave; la demande&quot;\"},\"previousItem\":{\"@type\":\"ListItem\",\"@id\":\"https:\\\/\\\/www.moovie.fr\\\/index.php\\\/category\\\/news_web\\\/convergence_medias\\\/#listItem\",\"name\":\"Convergence des m\\u00e9dias\"}},{\"@type\":\"ListItem\",\"@id\":\"https:\\\/\\\/www.moovie.fr\\\/index.php\\\/2008\\\/03\\\/10\\\/canal-et-m6-lancent-leur-service-de-tlevision-la-demande\\\/#listItem\",\"position\":5,\"name\":\"Canal + et M6 lancent leur service de &quot;t&eacute;levision &agrave; la demande&quot;\",\"previousItem\":{\"@type\":\"ListItem\",\"@id\":\"https:\\\/\\\/www.moovie.fr\\\/index.php\\\/category\\\/news_web\\\/convergence_medias\\\/video\\\/#listItem\",\"name\":\"vid\\u00e9o\"}}]},{\"@type\":\"Organization\",\"@id\":\"https:\\\/\\\/www.moovie.fr\\\/#organization\",\"name\":\"moovie\",\"url\":\"https:\\\/\\\/www.moovie.fr\\\/\"},{\"@type\":\"Person\",\"@id\":\"https:\\\/\\\/www.moovie.fr\\\/index.php\\\/author\\\/cedricbellenger\\\/#author\",\"url\":\"https:\\\/\\\/www.moovie.fr\\\/index.php\\\/author\\\/cedricbellenger\\\/\",\"name\":\"C\\u00e9dric Bellenger\",\"image\":{\"@type\":\"ImageObject\",\"@id\":\"https:\\\/\\\/www.moovie.fr\\\/index.php\\\/2008\\\/03\\\/10\\\/canal-et-m6-lancent-leur-service-de-tlevision-la-demande\\\/#authorImage\",\"url\":\"https:\\\/\\\/secure.gravatar.com\\\/avatar\\\/70c92a2792ed62ee844a341299fcc61249636b7e36fb4e149eb6ee73a36983ae?s=96&r=g\",\"width\":96,\"height\":96,\"caption\":\"C\\u00e9dric Bellenger\"}},{\"@type\":\"WebPage\",\"@id\":\"https:\\\/\\\/www.moovie.fr\\\/index.php\\\/2008\\\/03\\\/10\\\/canal-et-m6-lancent-leur-service-de-tlevision-la-demande\\\/#webpage\",\"url\":\"https:\\\/\\\/www.moovie.fr\\\/index.php\\\/2008\\\/03\\\/10\\\/canal-et-m6-lancent-leur-service-de-tlevision-la-demande\\\/\",\"name\":\"Canal + et M6 lancent leur service de \\\"t\\u00e9levision \\u00e0 la demande\\\" | moovie\",\"description\":\"\\\"Canal + \\u00e0 la demande\\\" et \\\"M6 Replay\\\", ce sont les noms des nouveaux services de \\\"t\\u00e9levision \\u00e0 la demande\\\" que vont prochainement proposer les deux cha\\u00eenes. Canal + indique en effet dans un communiqu\\u00e9 que le service sera disponible \\u00e0 partir du 11 mars et sera destin\\u00e9 \\u00e0 l'ensemble des abonn\\u00e9s qui pourront ainsi\",\"inLanguage\":\"fr-FR\",\"isPartOf\":{\"@id\":\"https:\\\/\\\/www.moovie.fr\\\/#website\"},\"breadcrumb\":{\"@id\":\"https:\\\/\\\/www.moovie.fr\\\/index.php\\\/2008\\\/03\\\/10\\\/canal-et-m6-lancent-leur-service-de-tlevision-la-demande\\\/#breadcrumblist\"},\"author\":{\"@id\":\"https:\\\/\\\/www.moovie.fr\\\/index.php\\\/author\\\/cedricbellenger\\\/#author\"},\"creator\":{\"@id\":\"https:\\\/\\\/www.moovie.fr\\\/index.php\\\/author\\\/cedricbellenger\\\/#author\"},\"datePublished\":\"2008-03-10T18:01:05+01:00\",\"dateModified\":\"2008-03-10T18:01:05+01:00\"},{\"@type\":\"WebSite\",\"@id\":\"https:\\\/\\\/www.moovie.fr\\\/#website\",\"url\":\"https:\\\/\\\/www.moovie.fr\\\/\",\"name\":\"moovie\",\"inLanguage\":\"fr-FR\",\"publisher\":{\"@id\":\"https:\\\/\\\/www.moovie.fr\\\/#organization\"}}]}\n\t\t<\/script>\n\t\t<!-- All in One SEO -->\n\n","aioseo_head_json":{"title":"Canal + et M6 lancent leur service de \"t\u00e9levision \u00e0 la demande\" | moovie","description":"\"Canal + \u00e0 la demande\" et \"M6 Replay\", ce sont les noms des nouveaux services de \"t\u00e9levision \u00e0 la demande\" que vont prochainement proposer les deux cha\u00eenes. Canal + indique en effet dans un communiqu\u00e9 que le service sera disponible \u00e0 partir du 11 mars et sera destin\u00e9 \u00e0 l'ensemble des abonn\u00e9s qui pourront ainsi","canonical_url":"https:\/\/www.moovie.fr\/index.php\/2008\/03\/10\/canal-et-m6-lancent-leur-service-de-tlevision-la-demande\/","robots":"max-image-preview:large","keywords":"","webmasterTools":{"miscellaneous":""},"schema":{"@context":"https:\/\/schema.org","@graph":[{"@type":"Article","@id":"https:\/\/www.moovie.fr\/index.php\/2008\/03\/10\/canal-et-m6-lancent-leur-service-de-tlevision-la-demande\/#article","name":"Canal + et M6 lancent leur service de \"t\u00e9levision \u00e0 la demande\" | moovie","headline":"Canal + et M6 lancent leur service de &quot;t&eacute;levision &agrave; la demande&quot;","author":{"@id":"https:\/\/www.moovie.fr\/index.php\/author\/cedricbellenger\/#author"},"publisher":{"@id":"https:\/\/www.moovie.fr\/#organization"},"image":{"@type":"ImageObject","url":"http:\/\/i244.photobucket.com\/albums\/gg23\/moovieblog\/canallogo-1.jpg","@id":"https:\/\/www.moovie.fr\/index.php\/2008\/03\/10\/canal-et-m6-lancent-leur-service-de-tlevision-la-demande\/#articleImage"},"datePublished":"2008-03-10T18:01:05+01:00","dateModified":"2008-03-10T18:01:05+01:00","inLanguage":"fr-FR","mainEntityOfPage":{"@id":"https:\/\/www.moovie.fr\/index.php\/2008\/03\/10\/canal-et-m6-lancent-leur-service-de-tlevision-la-demande\/#webpage"},"isPartOf":{"@id":"https:\/\/www.moovie.fr\/index.php\/2008\/03\/10\/canal-et-m6-lancent-leur-service-de-tlevision-la-demande\/#webpage"},"articleSection":"vid\u00e9o, canal +, canal + \u00e0 la demande, france t\u00e9l\u00e9visions, m6, m6 replay, orange, rewind tv, t\u00e9l\u00e9vision \u00e0 la demande, vod"},{"@type":"BreadcrumbList","@id":"https:\/\/www.moovie.fr\/index.php\/2008\/03\/10\/canal-et-m6-lancent-leur-service-de-tlevision-la-demande\/#breadcrumblist","itemListElement":[{"@type":"ListItem","@id":"https:\/\/www.moovie.fr#listItem","position":1,"name":"Home","item":"https:\/\/www.moovie.fr","nextItem":{"@type":"ListItem","@id":"https:\/\/www.moovie.fr\/index.php\/category\/news_web\/#listItem","name":"Actualit\u00e9 web"}},{"@type":"ListItem","@id":"https:\/\/www.moovie.fr\/index.php\/category\/news_web\/#listItem","position":2,"name":"Actualit\u00e9 web","item":"https:\/\/www.moovie.fr\/index.php\/category\/news_web\/","nextItem":{"@type":"ListItem","@id":"https:\/\/www.moovie.fr\/index.php\/category\/news_web\/convergence_medias\/#listItem","name":"Convergence des m\u00e9dias"},"previousItem":{"@type":"ListItem","@id":"https:\/\/www.moovie.fr#listItem","name":"Home"}},{"@type":"ListItem","@id":"https:\/\/www.moovie.fr\/index.php\/category\/news_web\/convergence_medias\/#listItem","position":3,"name":"Convergence des m\u00e9dias","item":"https:\/\/www.moovie.fr\/index.php\/category\/news_web\/convergence_medias\/","nextItem":{"@type":"ListItem","@id":"https:\/\/www.moovie.fr\/index.php\/category\/news_web\/convergence_medias\/video\/#listItem","name":"vid\u00e9o"},"previousItem":{"@type":"ListItem","@id":"https:\/\/www.moovie.fr\/index.php\/category\/news_web\/#listItem","name":"Actualit\u00e9 web"}},{"@type":"ListItem","@id":"https:\/\/www.moovie.fr\/index.php\/category\/news_web\/convergence_medias\/video\/#listItem","position":4,"name":"vid\u00e9o","item":"https:\/\/www.moovie.fr\/index.php\/category\/news_web\/convergence_medias\/video\/","nextItem":{"@type":"ListItem","@id":"https:\/\/www.moovie.fr\/index.php\/2008\/03\/10\/canal-et-m6-lancent-leur-service-de-tlevision-la-demande\/#listItem","name":"Canal + et M6 lancent leur service de &quot;t&eacute;levision &agrave; la demande&quot;"},"previousItem":{"@type":"ListItem","@id":"https:\/\/www.moovie.fr\/index.php\/category\/news_web\/convergence_medias\/#listItem","name":"Convergence des m\u00e9dias"}},{"@type":"ListItem","@id":"https:\/\/www.moovie.fr\/index.php\/2008\/03\/10\/canal-et-m6-lancent-leur-service-de-tlevision-la-demande\/#listItem","position":5,"name":"Canal + et M6 lancent leur service de &quot;t&eacute;levision &agrave; la demande&quot;","previousItem":{"@type":"ListItem","@id":"https:\/\/www.moovie.fr\/index.php\/category\/news_web\/convergence_medias\/video\/#listItem","name":"vid\u00e9o"}}]},{"@type":"Organization","@id":"https:\/\/www.moovie.fr\/#organization","name":"moovie","url":"https:\/\/www.moovie.fr\/"},{"@type":"Person","@id":"https:\/\/www.moovie.fr\/index.php\/author\/cedricbellenger\/#author","url":"https:\/\/www.moovie.fr\/index.php\/author\/cedricbellenger\/","name":"C\u00e9dric Bellenger","image":{"@type":"ImageObject","@id":"https:\/\/www.moovie.fr\/index.php\/2008\/03\/10\/canal-et-m6-lancent-leur-service-de-tlevision-la-demande\/#authorImage","url":"https:\/\/secure.gravatar.com\/avatar\/70c92a2792ed62ee844a341299fcc61249636b7e36fb4e149eb6ee73a36983ae?s=96&r=g","width":96,"height":96,"caption":"C\u00e9dric Bellenger"}},{"@type":"WebPage","@id":"https:\/\/www.moovie.fr\/index.php\/2008\/03\/10\/canal-et-m6-lancent-leur-service-de-tlevision-la-demande\/#webpage","url":"https:\/\/www.moovie.fr\/index.php\/2008\/03\/10\/canal-et-m6-lancent-leur-service-de-tlevision-la-demande\/","name":"Canal + et M6 lancent leur service de \"t\u00e9levision \u00e0 la demande\" | moovie","description":"\"Canal + \u00e0 la demande\" et \"M6 Replay\", ce sont les noms des nouveaux services de \"t\u00e9levision \u00e0 la demande\" que vont prochainement proposer les deux cha\u00eenes. Canal + indique en effet dans un communiqu\u00e9 que le service sera disponible \u00e0 partir du 11 mars et sera destin\u00e9 \u00e0 l'ensemble des abonn\u00e9s qui pourront ainsi","inLanguage":"fr-FR","isPartOf":{"@id":"https:\/\/www.moovie.fr\/#website"},"breadcrumb":{"@id":"https:\/\/www.moovie.fr\/index.php\/2008\/03\/10\/canal-et-m6-lancent-leur-service-de-tlevision-la-demande\/#breadcrumblist"},"author":{"@id":"https:\/\/www.moovie.fr\/index.php\/author\/cedricbellenger\/#author"},"creator":{"@id":"https:\/\/www.moovie.fr\/index.php\/author\/cedricbellenger\/#author"},"datePublished":"2008-03-10T18:01:05+01:00","dateModified":"2008-03-10T18:01:05+01:00"},{"@type":"WebSite","@id":"https:\/\/www.moovie.fr\/#website","url":"https:\/\/www.moovie.fr\/","name":"moovie","inLanguage":"fr-FR","publisher":{"@id":"https:\/\/www.moovie.fr\/#organization"}}]},"og:locale":"fr_FR","og:site_name":"moovie |","og:type":"article","og:title":"Canal + et M6 lancent leur service de &quot;t\u00e9levision \u00e0 la demande&quot; | moovie","og:description":"&quot;Canal + \u00e0 la demande&quot; et &quot;M6 Replay&quot;, ce sont les noms des nouveaux services de &quot;t\u00e9levision \u00e0 la demande&quot; que vont prochainement proposer les deux cha\u00eenes. Canal + indique en effet dans un communiqu\u00e9 que le service sera disponible \u00e0 partir du 11 mars et sera destin\u00e9 \u00e0 l'ensemble des abonn\u00e9s qui pourront ainsi","og:url":"https:\/\/www.moovie.fr\/index.php\/2008\/03\/10\/canal-et-m6-lancent-leur-service-de-tlevision-la-demande\/","article:published_time":"2008-03-10T17:01:05+00:00","article:modified_time":"2008-03-10T17:01:05+00:00","twitter:card":"summary","twitter:title":"Canal + et M6 lancent leur service de &quot;t\u00e9levision \u00e0 la demande&quot; | moovie","twitter:description":"&quot;Canal + \u00e0 la demande&quot; et &quot;M6 Replay&quot;, ce sont les noms des nouveaux services de &quot;t\u00e9levision \u00e0 la demande&quot; que vont prochainement proposer les deux cha\u00eenes. Canal + indique en effet dans un communiqu\u00e9 que le service sera disponible \u00e0 partir du 11 mars et sera destin\u00e9 \u00e0 l'ensemble des abonn\u00e9s qui pourront ainsi"},"aioseo_meta_data":{"post_id":"397","title":null,"description":null,"keywords":null,"keyphrases":null,"primary_term":null,"canonical_url":null,"og_title":null,"og_description":null,"og_object_type":"default","og_image_type":"default","og_image_url":null,"og_image_width":null,"og_image_height":null,"og_image_custom_url":null,"og_image_custom_fields":null,"og_video":null,"og_custom_url":null,"og_article_section":null,"og_article_tags":null,"twitter_use_og":false,"twitter_card":"default","twitter_image_type":"default","twitter_image_url":null,"twitter_image_custom_url":null,"twitter_image_custom_fields":null,"twitter_title":null,"twitter_description":null,"schema":{"blockGraphs":[],"customGraphs":[],"default":{"data":{"Article":[],"Course":[],"Dataset":[],"FAQPage":[],"Movie":[],"Person":[],"Product":[],"ProductReview":[],"Car":[],"Recipe":[],"Service":[],"SoftwareApplication":[],"WebPage":[]},"graphName":"","isEnabled":true},"graphs":[],"defaultGraph":"","defaultPostTypeGraph":""},"schema_type":null,"schema_type_options":null,"pillar_content":false,"robots_default":true,"robots_noindex":false,"robots_noarchive":false,"robots_nosnippet":false,"robots_nofollow":false,"robots_noimageindex":false,"robots_noodp":false,"robots_notranslate":false,"robots_max_snippet":null,"robots_max_videopreview":null,"robots_max_imagepreview":"large","priority":null,"frequency":null,"local_seo":null,"breadcrumb_settings":null,"limit_modified_date":false,"ai":null,"created":"2020-12-20 22:43:59","updated":"2025-06-04 00:06:52","seo_analyzer_scan_date":null,"focus_keyword":null,"additional_keywords":null,"truseo_locale":null},"jetpack_sharing_enabled":true,"jetpack_featured_media_url":"","_links":{"self":[{"href":"https:\/\/www.moovie.fr\/index.php\/wp-json\/wp\/v2\/posts\/397","targetHints":{"allow":["GET"]}}],"collection":[{"href":"https:\/\/www.moovie.fr\/index.php\/wp-json\/wp\/v2\/posts"}],"about":[{"href":"https:\/\/www.moovie.fr\/index.php\/wp-json\/wp\/v2\/types\/post"}],"author":[{"embeddable":true,"href":"https:\/\/www.moovie.fr\/index.php\/wp-json\/wp\/v2\/users\/2"}],"replies":[{"embeddable":true,"href":"https:\/\/www.moovie.fr\/index.php\/wp-json\/wp\/v2\/comments?post=397"}],"version-history":[{"count":0,"href":"https:\/\/www.moovie.fr\/index.php\/wp-json\/wp\/v2\/posts\/397\/revisions"}],"wp:attachment":[{"href":"https:\/\/www.moovie.fr\/index.php\/wp-json\/wp\/v2\/media?parent=397"}],"wp:term":[{"taxonomy":"category","embeddable":true,"href":"https:\/\/www.moovie.fr\/index.php\/wp-json\/wp\/v2\/categories?post=397"},{"taxonomy":"post_tag","embeddable":true,"href":"https:\/\/www.moovie.fr\/index.php\/wp-json\/wp\/v2\/tags?post=397"}],"curies":[{"name":"wp","href":"https:\/\/api.w.org\/{rel}","templated":true}]}}