{"id":446,"date":"2008-06-30T21:39:46","date_gmt":"2008-06-30T20:39:46","guid":{"rendered":"http:\/\/www.moovie.fr\/index.php\/2008\/06\/30\/m6-replay-bientt-sur-votre-tlvision\/"},"modified":"2008-06-30T21:39:46","modified_gmt":"2008-06-30T20:39:46","slug":"m6-replay-bientt-sur-votre-tlvision","status":"publish","type":"post","link":"https:\/\/www.moovie.fr\/index.php\/2008\/06\/30\/m6-replay-bientt-sur-votre-tlvision\/","title":{"rendered":"M6 Replay bient&ocirc;t sur votre t&eacute;l&eacute;vision?"},"content":{"rendered":"<table cellspacing=\"0\" cellpadding=\"2\" width=\"450\" border=\"0\">\n<tbody>\n<tr>\n<td valign=\"top\" width=\"142\"><a href=\"http:\/\/www.m6replay.fr\/\"><img loading=\"lazy\" decoding=\"async\" style=\"border-right: 0px; border-top: 0px; border-left: 0px; border-bottom: 0px\" height=\"91\" alt=\"image\" src=\"http:\/\/www.moovie.fr\/wp-content\/image7.png\" width=\"146\" border=\"0\"><\/a> <\/td>\n<td valign=\"top\" width=\"306\">M6 est, selon le Figaro, en n\u00e9gociation avec Neuf Cegetel et Free afin de permettre aux abonn\u00e9s de ces derniers d&rsquo;acc\u00e9der au nouveau service <a href=\"http:\/\/www.m6replay.fr\/\">M6 Replay<\/a> directement sur leur t\u00e9l\u00e9viseur. Toujours selon le quotidien, M6 Replay a attir\u00e9 le mois dernier <\/td>\n<\/tr>\n<\/tbody>\n<\/table>\n<p>pr\u00e8s de 1,3 million de visiteurs uniques et 7 millions de vid\u00e9os ont \u00e9t\u00e9 vues. \u00ab\u00a0<em>M6 Replay d\u00e9colle au niveau des usages. Le service int\u00e9resse les annonceurs<\/em>\u00ab\u00a0, indique Val\u00e9ry Gerfaud, directeur g\u00e9n\u00e9ral de M6 Web. \u00ab\u00a0<em>En \u00e9tant pr\u00e9sents sur les plates-formes des op\u00e9rateurs, nous serons accessibles plus facilement.\u00a0\u00bb<\/em><\/p>\n<p><a href=\"http:\/\/www.m6replay.fr\/\"><img loading=\"lazy\" decoding=\"async\" style=\"border-right: 0px; border-top: 0px; border-left: 0px; border-bottom: 0px\" height=\"177\" alt=\"image\" src=\"http:\/\/www.moovie.fr\/wp-content\/image8.png\" width=\"450\" border=\"0\"><\/a> <\/p>\n<p><a href=\"http:\/\/www.lefigaro.fr\/\">Source<\/a><\/p>\n","protected":false},"excerpt":{"rendered":"<p>M6 est, selon le Figaro, en n\u00e9gociation avec Neuf Cegetel et Free afin de permettre aux abonn\u00e9s de ces derniers d&rsquo;acc\u00e9der au nouveau service M6 Replay directement sur leur t\u00e9l\u00e9viseur. Toujours selon le quotidien, M6 Replay a attir\u00e9 le mois dernier pr\u00e8s de 1,3 million de visiteurs uniques et 7 millions de vid\u00e9os ont \u00e9t\u00e9<span class=\"continue-reading\"> <a href=\"https:\/\/www.moovie.fr\/index.php\/2008\/06\/30\/m6-replay-bientt-sur-votre-tlvision\/\">&#46;&#46;&#46;<\/a><\/span><\/p>\n","protected":false},"author":2,"featured_media":0,"comment_status":"open","ping_status":"open","sticky":false,"template":"","format":"standard","meta":{"_crdt_document":"","_jetpack_memberships_contains_paid_content":false,"footnotes":""},"categories":[19],"tags":[102,510,650,185,689,122],"class_list":["post-446","post","type-post","status-publish","format-standard","hentry","category-video","tag-free","tag-m6","tag-m6-replay","tag-neuf-cegetel","tag-valery-gerfaud","tag-vod"],"aioseo_notices":[],"jetpack_featured_media_url":"","jetpack_sharing_enabled":true,"_links":{"self":[{"href":"https:\/\/www.moovie.fr\/index.php\/wp-json\/wp\/v2\/posts\/446","targetHints":{"allow":["GET"]}}],"collection":[{"href":"https:\/\/www.moovie.fr\/index.php\/wp-json\/wp\/v2\/posts"}],"about":[{"href":"https:\/\/www.moovie.fr\/index.php\/wp-json\/wp\/v2\/types\/post"}],"author":[{"embeddable":true,"href":"https:\/\/www.moovie.fr\/index.php\/wp-json\/wp\/v2\/users\/2"}],"replies":[{"embeddable":true,"href":"https:\/\/www.moovie.fr\/index.php\/wp-json\/wp\/v2\/comments?post=446"}],"version-history":[{"count":0,"href":"https:\/\/www.moovie.fr\/index.php\/wp-json\/wp\/v2\/posts\/446\/revisions"}],"wp:attachment":[{"href":"https:\/\/www.moovie.fr\/index.php\/wp-json\/wp\/v2\/media?parent=446"}],"wp:term":[{"taxonomy":"category","embeddable":true,"href":"https:\/\/www.moovie.fr\/index.php\/wp-json\/wp\/v2\/categories?post=446"},{"taxonomy":"post_tag","embeddable":true,"href":"https:\/\/www.moovie.fr\/index.php\/wp-json\/wp\/v2\/tags?post=446"}],"curies":[{"name":"wp","href":"https:\/\/api.w.org\/{rel}","templated":true}]}}