{"id":894,"date":"2009-01-23T21:29:21","date_gmt":"2009-01-23T20:29:21","guid":{"rendered":"http:\/\/www.moovie.fr\/index.php\/2009\/01\/23\/la-presse-crite-franaise-ou-comment-faire-atterrir-un-paquebot-en-douceur\/"},"modified":"2009-03-04T14:43:21","modified_gmt":"2009-03-04T13:43:21","slug":"la-presse-crite-franaise-ou-comment-faire-atterrir-un-paquebot-en-douceur","status":"publish","type":"post","link":"https:\/\/www.moovie.fr\/index.php\/2009\/01\/23\/la-presse-crite-franaise-ou-comment-faire-atterrir-un-paquebot-en-douceur\/","title":{"rendered":"La presse \u00e9crite fran\u00e7aise ou comment faire atterrir un paquebot en douceur"},"content":{"rendered":"<p>La presse \u00e9crite fran\u00e7aise est depuis un certain temps d\u00e9j\u00e0 un secteur en crise vivant sous perfusion \u00e9tatique. Avec les \u00e9volutions de consommation des journaux papiers, nous pouvons l\u00e9gitimement penser que ce secteur est tr\u00e8s certainement en train de vivre ses derniers moments sous sa forme actuelle.<\/p>\n<p>La contrainte principale avec la presse \u00e9crite r\u00e9side dans le fait que ce secteur est un secteur \u00e9conomique de poids : 8,3 milliards d\u2019exemplaires de journaux ou de p\u00e9riodiques ont \u00e9t\u00e9 \u00e9dit\u00e9s en 2005 pour un chiffre d\u2019affaires de 10,6 milliards d\u2019euros. Le secteur embauche \u00e9galement quelque 200 000 emplois directs ou induits (donn\u00e9es provenant de <a href=\"http:\/\/www.ladocumentationfrancaise.fr\/dossiers\/presse-francaise-mutation\/secteur-difficulte.shtml\">La Documentation fran\u00e7aise<\/a>). La seconde contrainte principale provient du fait que comme chacun le sait probablement, nous devons faire face \u00e0 une crise \u00e9conomique et les pr\u00e9visions de la Commission Europ\u00e9enne tablent sur un <a href=\"http:\/\/fr.biz.yahoo.com\/19012009\/17\/europe-eco-l-ue-predit-le-retour-des-taux-de.html\">taux de ch\u00f4mage de 10,6% en 2010<\/a>\u2026 Le tout est donc de faire \u201catterrir un paquebot en douceur\u201d.<\/p>\n<p>Nicolas Sarkozy a ainsi d\u00e9voil\u00e9 un plan de soutien s\u2019\u00e9levant \u00e0 environ 200 millions d\u2019euros par an sur trois ans (soit 600 millions) comprenant notamment le report d\u2019un an de l\u2019augmentation des tarifs postaux (l&rsquo;Etat compensera int\u00e9gralement le manque \u00e0 gagner pour la Poste, environ 12 millions d&rsquo;euros), l\u2019abonnement gratuit d\u2019un an pour les jeunes de 18 ans et le doublement de la part de ses d\u00e9penses de communication destin\u00e9es aux journaux face \u00e0 la crise soit 20 millions d\u2019euros. Plusieurs chantiers vont \u00eatre mis en place dont celui du d\u00e9veloppement du portage \u00e0 domicile, de l\u2019am\u00e9lioration des revenus des diffuseurs et du rapprochement des 30 000 points de vente de la presse quotidienne nationale et les 50 000 points de presse quotidienne r\u00e9gionale. Les imprimeries seront \u00e9galement modernis\u00e9es afin de r\u00e9duire les co\u00fbts d\u2019impression de 30 \u00e0 40%\u2026\u00a0\u00bb<em>La premi\u00e8re responsabilit\u00e9 de l&rsquo;Etat est de r\u00e9pondre \u00e0 l&rsquo;urgence cr\u00e9\u00e9e par l&rsquo;effondrement des perspectives publicitaires sur la situation \u00e9conomique des entreprises de presse pour 20<\/em>09&Prime; a pr\u00e9cis\u00e9 le chef de l\u2019Etat.<\/p>\n<p>Si l\u2019Etat envisage d\u2019injecter 20 millions d\u2019euros par an dans la presse \u00e9lectronique (plusieurs aides l\u2019aligneront sur le statut de la presse \u00e9crite : exon\u00e9ration de la taxe professionnelle, demande \u00e0 Bruxelles de b\u00e9n\u00e9ficier du taux r\u00e9duit ou super-r\u00e9duit de TVA), aucune mesure n\u2019est cependant prise relative au d\u00e9veloppement et \u00e0 la d\u00e9mocratisation de l\u2019e-paper (ou pour les puristes : <a href=\"http:\/\/fr.wikipedia.org\/wiki\/Papier_%C3%A9lectronique\">Papier \u00e9lectronique<\/a>) et des \u201creaders\u201d. Dommage car les subventions accord\u00e9es aujourd\u2019hui concernent un mod\u00e8le ancien (univers mat\u00e9riel) et ne se tournent suffisamment pas vers l\u2019avenir (univers d\u00e9mat\u00e9rialis\u00e9). En effet, la lecture sur support \u00e9lectronique semble \u00eatre la meilleure solution pour ce secteur en crise. M\u00eame si certaines contraintes existent actuellement (on peut redouter \u201cl\u2019agressivit\u00e9\u201d de l\u2019affichage compar\u00e9 \u00e0 la &lsquo;\u201ddouceur\u201d du papier\u00a0\u00bb), les avanc\u00e9es technologiques permettront tr\u00e8s prochainement de reproduire les sensations de la lecture papier. Et comme l\u2019iPod a d\u00e9tr\u00f4n\u00e9 les lecteurs K7 et CD, les \u201creaders\u201d tels que les commercialisent les soci\u00e9t\u00e9s Orange, Amazon ou encore SFR d\u00e9tr\u00f4neront tr\u00e8s probablement les journaux papiers.<\/p>\n<p>Beaucoup d\u2019avantages sont en effet li\u00e9s aux readers comme par exemple la mobilit\u00e9, le fait d\u2019avoir \u00e0 port\u00e9e de main toute une biblioth\u00e8que (magazines, livres, journaux), de pouvoir t\u00e9l\u00e9charger de nouveaux contenus, de s\u2019abonner \u00e0 un magazine et de recevoir automatiquement les derniers articles (sur le mod\u00e8le des flux RSS), d\u2019int\u00e9grer des vid\u00e9os, de lire en temps r\u00e9els les commentaires des internautes, rendre les contenus interactif\u2026 Bref, une reproduction de ce qu\u2019il est possible de faire aujourd\u2019hui sur un ordinateur sans ses inconv\u00e9nients, sur un \u00e9cran, l\u00e9ger, tr\u00e8s peu consommateur d\u2019\u00e9nergie et suffisamment grand pour y lire du contenu \u00e9crit. Pour plus d\u2019informations sur l\u2019e-paper, n\u2019h\u00e9sitez pas \u00e0 rejoindre le groupe \u201c<a href=\"http:\/\/www.facebook.com\/group.php?gid=6955488614&amp;ref=ts\">Feedbooks<\/a>\u201d sur Facebook.<\/p>\n<p><a href=\"http:\/\/www.lemonde.fr\/web\/illustration\/0,32-0,40-1145862,0.html\"><img loading=\"lazy\" decoding=\"async\" style=\"border-right: 0px; border-top: 0px; display: inline; border-left: 0px; border-bottom: 0px\" title=\"image\" src=\"http:\/\/www.moovie.fr\/wp-content\/image174.png\" border=\"0\" alt=\"image\" width=\"451\" height=\"329\" \/><\/a><\/p>\n","protected":false},"excerpt":{"rendered":"<p>La presse \u00e9crite fran\u00e7aise est depuis un certain temps d\u00e9j\u00e0 un secteur en crise vivant sous perfusion \u00e9tatique. Avec les \u00e9volutions de consommation des journaux papiers, nous pouvons l\u00e9gitimement penser que ce secteur est tr\u00e8s certainement en train de vivre ses derniers moments sous sa forme actuelle. La contrainte principale avec la presse \u00e9crite r\u00e9side<span class=\"continue-reading\"> <a href=\"https:\/\/www.moovie.fr\/index.php\/2009\/01\/23\/la-presse-crite-franaise-ou-comment-faire-atterrir-un-paquebot-en-douceur\/\">&#46;&#46;&#46;<\/a><\/span><\/p>\n","protected":false},"author":2,"featured_media":0,"comment_status":"open","ping_status":"open","sticky":false,"template":"","format":"standard","meta":{"_crdt_document":"","_jetpack_memberships_contains_paid_content":false,"footnotes":""},"categories":[1047,52],"tags":[1046,177,320,692,1045,90,1043,351,32,1491,913,184,1044],"class_list":["post-894","post","type-post","status-publish","format-standard","hentry","category-convergence_medias","category-presse","tag-aide-publique","tag-amazon","tag-chiffre","tag-e-paper","tag-etat","tag-le-monde","tag-modele-economique","tag-nicolas-sarkozy","tag-orange","tag-presse","tag-reader","tag-sfr","tag-subvention"],"aioseo_notices":[],"jetpack_featured_media_url":"","jetpack_sharing_enabled":true,"_links":{"self":[{"href":"https:\/\/www.moovie.fr\/index.php\/wp-json\/wp\/v2\/posts\/894","targetHints":{"allow":["GET"]}}],"collection":[{"href":"https:\/\/www.moovie.fr\/index.php\/wp-json\/wp\/v2\/posts"}],"about":[{"href":"https:\/\/www.moovie.fr\/index.php\/wp-json\/wp\/v2\/types\/post"}],"author":[{"embeddable":true,"href":"https:\/\/www.moovie.fr\/index.php\/wp-json\/wp\/v2\/users\/2"}],"replies":[{"embeddable":true,"href":"https:\/\/www.moovie.fr\/index.php\/wp-json\/wp\/v2\/comments?post=894"}],"version-history":[{"count":0,"href":"https:\/\/www.moovie.fr\/index.php\/wp-json\/wp\/v2\/posts\/894\/revisions"}],"wp:attachment":[{"href":"https:\/\/www.moovie.fr\/index.php\/wp-json\/wp\/v2\/media?parent=894"}],"wp:term":[{"taxonomy":"category","embeddable":true,"href":"https:\/\/www.moovie.fr\/index.php\/wp-json\/wp\/v2\/categories?post=894"},{"taxonomy":"post_tag","embeddable":true,"href":"https:\/\/www.moovie.fr\/index.php\/wp-json\/wp\/v2\/tags?post=894"}],"curies":[{"name":"wp","href":"https:\/\/api.w.org\/{rel}","templated":true}]}}