{"id":92,"date":"2007-12-13T00:43:29","date_gmt":"2007-12-12T23:43:29","guid":{"rendered":"http:\/\/www.moovie.fr\/index.php\/2007\/12\/13\/la-taxe-sur-les-videos-internet-ne-concernerait-que-les-services-de-vod\/"},"modified":"2007-12-13T00:43:29","modified_gmt":"2007-12-12T23:43:29","slug":"la-taxe-sur-les-videos-internet-ne-concernerait-que-les-services-de-vod","status":"publish","type":"post","link":"https:\/\/www.moovie.fr\/index.php\/2007\/12\/13\/la-taxe-sur-les-videos-internet-ne-concernerait-que-les-services-de-vod\/","title":{"rendered":"La taxe sur les vid\u00e9os Internet ne concernerait que les services de VoD"},"content":{"rendered":"<p>Retour sur un amendement qui a fait parler de lui mercredi dernier.<\/p>\n<p>La d\u00e9put\u00e9 Marie-H\u00e9l\u00e8ne Des Esgaulx assure qu&rsquo;elle ne voulait pas taxer tous les sites Internet fran\u00e7ais proposant de la vid\u00e9o, mais bien les seuls services de VoD qui, faisant \u00e9voluer leur mod\u00e8le \u00e9conomique, se financent petit \u00e0 petit en partie gr\u00e2ce \u00e0 la publicit\u00e9. \u00ab\u00a0<em>Par principe d&rsquo;\u00e9quit\u00e9 fiscale, je consid\u00e8re que les op\u00e9rateurs VoD doivent financer le fonds de soutien audiovisuel g\u00e9r\u00e9 par le CNC, \u00e0 la fois sur la base des recettes locatives mais aussi sur leurs recettes publicitaires<\/em>\u00ab\u00a0, pr\u00e9cise-t-elle. <\/p>\n<p>Elle reconna\u00eet ainsi que la r\u00e9daction de l&rsquo;amendement va trop loin. \u00ab\u00a0<em>Ce n&rsquo;est pas du tout ce que je voulais, la r\u00e9daction trahit l&rsquo;esprit de cette loi, et je vais tout faire pour que cela change. Il ne peut pas rester en l&rsquo;\u00e9tat (&#8230;) Avec ce texte, un internaute serait soumis \u00e0 une taxe s&rsquo;il mettait une vid\u00e9o de ses enfants sur son blog !<\/em>\u00a0\u00bb<\/p>\n<p>\u00ab\u00a0<em>Nous esp\u00e9rions sinc\u00e8rement qu&rsquo;il s&rsquo;agissait d&rsquo;une erreur tellement le d\u00e9calage \u00e9tait flagrant entre le texte et l&rsquo;expos\u00e9 des motifs<\/em>\u00ab\u00a0, a indiqu\u00e9 au Journal du Net Giuseppe de Martino, responsable r\u00e9glementaire de Dailymotion et pr\u00e9sident de l&rsquo;Asic.<\/p>\n","protected":false},"excerpt":{"rendered":"<p>Retour sur un amendement qui a fait parler de lui mercredi dernier. La d\u00e9put\u00e9 Marie-H\u00e9l\u00e8ne Des Esgaulx assure qu&rsquo;elle ne voulait pas taxer tous les sites Internet fran\u00e7ais proposant de la vid\u00e9o, mais bien les seuls services de VoD qui, faisant \u00e9voluer leur mod\u00e8le \u00e9conomique, se financent petit \u00e0 petit en partie gr\u00e2ce \u00e0 la<span class=\"continue-reading\"> <a href=\"https:\/\/www.moovie.fr\/index.php\/2007\/12\/13\/la-taxe-sur-les-videos-internet-ne-concernerait-que-les-services-de-vod\/\">&#46;&#46;&#46;<\/a><\/span><\/p>\n","protected":false},"author":2,"featured_media":0,"comment_status":"open","ping_status":"open","sticky":false,"template":"","format":"standard","meta":{"_crdt_document":"","_jetpack_memberships_contains_paid_content":false,"footnotes":""},"categories":[19],"tags":[159,116,99],"class_list":["post-92","post","type-post","status-publish","format-standard","hentry","category-video","tag-amendement","tag-asic","tag-loi"],"aioseo_notices":[],"jetpack_featured_media_url":"","jetpack_sharing_enabled":true,"_links":{"self":[{"href":"https:\/\/www.moovie.fr\/index.php\/wp-json\/wp\/v2\/posts\/92","targetHints":{"allow":["GET"]}}],"collection":[{"href":"https:\/\/www.moovie.fr\/index.php\/wp-json\/wp\/v2\/posts"}],"about":[{"href":"https:\/\/www.moovie.fr\/index.php\/wp-json\/wp\/v2\/types\/post"}],"author":[{"embeddable":true,"href":"https:\/\/www.moovie.fr\/index.php\/wp-json\/wp\/v2\/users\/2"}],"replies":[{"embeddable":true,"href":"https:\/\/www.moovie.fr\/index.php\/wp-json\/wp\/v2\/comments?post=92"}],"version-history":[{"count":0,"href":"https:\/\/www.moovie.fr\/index.php\/wp-json\/wp\/v2\/posts\/92\/revisions"}],"wp:attachment":[{"href":"https:\/\/www.moovie.fr\/index.php\/wp-json\/wp\/v2\/media?parent=92"}],"wp:term":[{"taxonomy":"category","embeddable":true,"href":"https:\/\/www.moovie.fr\/index.php\/wp-json\/wp\/v2\/categories?post=92"},{"taxonomy":"post_tag","embeddable":true,"href":"https:\/\/www.moovie.fr\/index.php\/wp-json\/wp\/v2\/tags?post=92"}],"curies":[{"name":"wp","href":"https:\/\/api.w.org\/{rel}","templated":true}]}}